{"id":14623,"date":"2026-01-07T16:51:46","date_gmt":"2026-01-07T16:51:46","guid":{"rendered":"https:\/\/feisphaislig.com\/?p=14623"},"modified":"2026-01-07T16:51:46","modified_gmt":"2026-01-07T16:51:46","slug":"bliadhna-mhath-ur-bho-feis-phaislig","status":"publish","type":"post","link":"https:\/\/feisphaislig.com\/gd\/bliadhna-mhath-ur-bho-feis-phaislig\/","title":{"rendered":"Bliadhna Mhath \u00d9r bho F\u00e8is Ph\u00e0islig!"},"content":{"rendered":"\n<h2 class=\"wp-block-heading\">Happy New Year from all of us at F\u00e8is Ph\u00e0islig!<\/h2>\n\n\n\n<p>We\u2019d like to extend a huge thank you to everyone who has been such a valued part of our journey over the past year. We can\u2019t wait to see what 2026 has in store.<\/p>\n\n\n\n<p>2025 was a defining year for F\u00e8is Ph\u00e0islig, marking a decade of music, learning, and community &#8211; and our busiest year yet. We unveiled a refreshed logo and brand identity to reflect ten years of growth and creativity. F\u00e8is Week 2025 was one of our most successful to date, welcoming a record 197 participants. Through our Stramash for Schools Tour, we visited 45 schools across Renfrewshire, introducing thousands of pupils to traditional music and Gaelic language.<\/p>\n\n\n\n<p>We launched our exciting 10 Year Anniversary celebrations, introduced the F\u00e8is Ph\u00e0islig Roadshow &#8211; a series of free pop-up come and try sessions &#8211; and established our Youthboard, giving young people the opportunity to share ideas, provide feedback, and help shape the future of F\u00e8is Ph\u00e0islig. Our Gaelic Choir enjoyed an outstanding year, with performances at a wide range of events and a major win at M\u00f2d Loch Abar, while our Ceilidh Trail reached its sixth year, delivering 24 performances in libraries, care homes, community venues, festivals, and collaborative events, engaging audiences of all ages.<\/p>\n\n\n\n<p>With our 10 Year Anniversary celebrations continuing, we head into 2026 with exciting plans ahead.<\/p>\n\n\n\n<hr class=\"wp-block-separator has-alpha-channel-opacity\"\/>\n\n\n\n<h2 class=\"wp-block-heading\">2026: What&#8217;s in Store?<\/h2>\n\n\n\n<p><strong>10 Year Anniversary Concert<\/strong><br>Our highly anticipated 10 Year Anniversary Concert is just a few weeks away now. It\u2019s going to be an amazing night of music with over featuring some of Scotland\u2019s top traditional musicians alongside our Gaelic Choir, Ceilidh Trail, young performers and tutors from across the past decade of F\u00e8is Ph\u00e0islig.<\/p>\n\n\n\n<p>Tickets are on sale now, with options ranging from free Community Tickets to \u00a315\u00a0Anniversary\u00a0Tickets, so there&#8217;s something for everyone to come along and be part of the celebration. <strong>Find out more and reserve your tickets <a href=\"https:\/\/www.tickettailor.com\/events\/feisphaislig\/1861293\" title=\"\">here.<\/a><\/strong><\/p>\n\n\n\n<p><strong>F\u00e8is Weekend<\/strong><br>We are also looking forward to our first ever F\u00e8is Weekend at Paisley Arts Centre in May, an exciting weekend of free workshops for learners of all ages to come together and work with some brilliant tutors.<\/p>\n\n\n\n<p><strong>F\u00e8is Week<\/strong><br>21st &#8211; 24th July. Registration opens in April &#8211; keep an eye out for more details soon.<\/p>\n\n\n\n<p><strong>Ceilidh Trail<\/strong><br>Now entering its 7th year, the Ceilidh Trail &#8211; a group of talented up-and-coming musicians &#8211; will hit the road for two weeks in the summer, developing key skills for a career in the creative industries whilst showcasing their music in a variety of settings, from community venues to major festivals and ticketed events.<\/p>\n\n\n\n<p>Ceilidh Trail applications open on 12th January &#8211; find out more <a href=\"https:\/\/feisphaislig.com\/gd\/ceilidh-trail\/\" title=\"\">here<\/a>.<br><br><strong>The Royal National M\u00f2d<\/strong> <strong>&#8211; M\u00f2d Ghlaschu 2026<\/strong><br>We\u2019re also excited that the Royal National M\u00f2d is coming to Glasgow 9th &#8211; 17th October for a week long celebration of Gaelic music, culture and heritage.<\/p>\n\n\n\n<p>\u2026and much, much more to come!<\/p>\n\n\n\n<p>You can follow us on social media, or sign up to our newsletter\u00a0<a href=\"https:\/\/feisphaislig.us10.list-manage.com\/subscribe?u=279bc01d988c8a72b8ac6f203&amp;id=98166c58b3\" target=\"_blank\" rel=\"noreferrer noopener\">here<\/a>, to stay up-to-date with all F\u00e8is events.<\/p>\n\n\n\n<p><br><\/p>\n\n\n<figure class=\"wp-block-post-featured-image\"><img loading=\"lazy\" decoding=\"async\" width=\"1080\" height=\"1080\" src=\"https:\/\/feisphaislig.com\/wp-content\/uploads\/2026\/01\/Bliadhna-mhath-ur.png\" class=\"attachment-post-thumbnail size-post-thumbnail wp-post-image\" alt=\"\" style=\"object-fit:cover;\" srcset=\"https:\/\/feisphaislig.com\/wp-content\/uploads\/2026\/01\/Bliadhna-mhath-ur.png 1080w, https:\/\/feisphaislig.com\/wp-content\/uploads\/2026\/01\/Bliadhna-mhath-ur-1024x1024-300x300.png 300w, https:\/\/feisphaislig.com\/wp-content\/uploads\/2026\/01\/Bliadhna-mhath-ur-1024x1024.png 1024w, https:\/\/feisphaislig.com\/wp-content\/uploads\/2026\/01\/Bliadhna-mhath-ur-150x150.png 150w, https:\/\/feisphaislig.com\/wp-content\/uploads\/2026\/01\/Bliadhna-mhath-ur-768x768.png 768w, https:\/\/feisphaislig.com\/wp-content\/uploads\/2026\/01\/Bliadhna-mhath-ur-1024x1024-500x500.png 500w, https:\/\/feisphaislig.com\/wp-content\/uploads\/2026\/01\/Bliadhna-mhath-ur-1024x1024-600x600.png 600w, https:\/\/feisphaislig.com\/wp-content\/uploads\/2026\/01\/Bliadhna-mhath-ur-1024x1024-400x400.png 400w\" sizes=\"auto, (max-width: 1080px) 100vw, 1080px\" \/><\/figure>\n\n<!-- wp:themify-builder\/canvas \/-->","protected":false},"excerpt":{"rendered":"<p>Happy New Year from all of us at F\u00e8is Ph\u00e0islig! We\u2019d like to extend a huge thank you to everyone who has been such a valued part of our journey over the past year. We can\u2019t wait to see what 2026 has in store. 2025 was a defining year for F\u00e8is Ph\u00e0islig, marking a decade [&hellip;]<\/p>\n","protected":false},"author":101,"featured_media":14627,"comment_status":"closed","ping_status":"closed","sticky":false,"template":"","format":"standard","meta":{"footnotes":""},"categories":[7],"tags":[],"class_list":["post-14623","post","type-post","status-publish","format-standard","has-post-thumbnail","hentry","category-updates","has-post-title","has-post-date","has-post-category","has-post-tag","has-post-comment","has-post-author",""],"aioseo_notices":[],"builder_content":"","_links":{"self":[{"href":"https:\/\/feisphaislig.com\/gd\/wp-json\/wp\/v2\/posts\/14623","targetHints":{"allow":["GET"]}}],"collection":[{"href":"https:\/\/feisphaislig.com\/gd\/wp-json\/wp\/v2\/posts"}],"about":[{"href":"https:\/\/feisphaislig.com\/gd\/wp-json\/wp\/v2\/types\/post"}],"author":[{"embeddable":true,"href":"https:\/\/feisphaislig.com\/gd\/wp-json\/wp\/v2\/users\/101"}],"replies":[{"embeddable":true,"href":"https:\/\/feisphaislig.com\/gd\/wp-json\/wp\/v2\/comments?post=14623"}],"version-history":[{"count":9,"href":"https:\/\/feisphaislig.com\/gd\/wp-json\/wp\/v2\/posts\/14623\/revisions"}],"predecessor-version":[{"id":14643,"href":"https:\/\/feisphaislig.com\/gd\/wp-json\/wp\/v2\/posts\/14623\/revisions\/14643"}],"wp:featuredmedia":[{"embeddable":true,"href":"https:\/\/feisphaislig.com\/gd\/wp-json\/wp\/v2\/media\/14627"}],"wp:attachment":[{"href":"https:\/\/feisphaislig.com\/gd\/wp-json\/wp\/v2\/media?parent=14623"}],"wp:term":[{"taxonomy":"category","embeddable":true,"href":"https:\/\/feisphaislig.com\/gd\/wp-json\/wp\/v2\/categories?post=14623"},{"taxonomy":"post_tag","embeddable":true,"href":"https:\/\/feisphaislig.com\/gd\/wp-json\/wp\/v2\/tags?post=14623"}],"curies":[{"name":"wp","href":"https:\/\/api.w.org\/{rel}","templated":true}]}}